{"id":3279,"date":"2024-08-15T13:14:20","date_gmt":"2024-08-15T11:14:20","guid":{"rendered":"https:\/\/csbwv.de\/?p=3279"},"modified":"2024-08-15T13:14:24","modified_gmt":"2024-08-15T11:14:24","slug":"abschlussfeier-der-hoeheren-handelsschule","status":"publish","type":"post","link":"https:\/\/csbwv.de\/index.php\/2024\/08\/15\/abschlussfeier-der-hoeheren-handelsschule\/","title":{"rendered":"Abschlussfeier der H\u00f6heren Handelsschule"},"content":{"rendered":"\n[et_pb_section fb_built=&#8220;1&#8243; _builder_version=&#8220;4.19.4&#8243; _module_preset=&#8220;default&#8220; custom_padding=&#8220;1px||2px|||&#8220; global_colors_info=&#8220;{}&#8220; theme_builder_area=&#8220;post_content&#8220;][et_pb_row _builder_version=&#8220;4.19.2&#8243; _module_preset=&#8220;default&#8220; global_colors_info=&#8220;{}&#8220; theme_builder_area=&#8220;post_content&#8220;][et_pb_column type=&#8220;4_4&#8243; _builder_version=&#8220;4.19.2&#8243; _module_preset=&#8220;default&#8220; global_colors_info=&#8220;{}&#8220; theme_builder_area=&#8220;post_content&#8220;][et_pb_heading title=&#8220;Abschlussfeier der H\u00f6heren Handelsschule 2024&#8243; _builder_version=&#8220;4.27.0&#8243; _module_preset=&#8220;default&#8220; animation_style=&#8220;slide&#8220; animation_direction=&#8220;top&#8220; global_colors_info=&#8220;{}&#8220; theme_builder_area=&#8220;post_content&#8220;][\/et_pb_heading][et_pb_text _builder_version=&#8220;4.27.0&#8243; _module_preset=&#8220;default&#8220; animation_style=&#8220;fade&#8220; hover_enabled=&#8220;0&#8243; global_colors_info=&#8220;{}&#8220; theme_builder_area=&#8220;post_content&#8220; sticky_enabled=&#8220;0&#8243;]<h2>Fachabitur 2024 am CSBWV \ud83c\udf93\u2728<\/h2>\n<p>Anfang Juli haben die Absolvent:innen der H\u00f6heren Handelsschule w\u00e4hrend einer geb\u00fchrenden Abschlussfeier ihre Zeugnisse enthalten &#8211; zum Teil jubelnd und fr\u00f6hlich, andere darauf blickend, dass das Schuljahr h\u00e4tte noch besser laufen k\u00f6nnen \u2013 aber alle gl\u00fccklich dar\u00fcber, das #Fachabitur in den H\u00e4nden zu halten. \ud83d\udc4f<\/p>\n<p>Die Abschlussfeier wurde von der Unterstufe \u201eagiler Schwerpunkt\u201c organisiert und durchgef\u00fchrt sowie musikalisch von unserer Schulband begleitet &#8211; vielen Dank daf\u00fcr, dass wir uns alle in Zukunft gerne an diesen Tag zur\u00fcckerinnern werden. \ud83d\udcad<\/p>\n<p>Wir gratulieren allen Fachabiturient:innen von ganzem \u2764\ufe0fHerzen! Die Zukunft wartet auf Euch \u2013 habt Mut und gestaltet sie nach Euren W\u00fcnschen. \u2728<\/p>[\/et_pb_text][\/et_pb_column][\/et_pb_row][et_pb_row _builder_version=&#8220;4.24.2&#8243; _module_preset=&#8220;default&#8220; custom_margin=&#8220;||||false|false&#8220; custom_padding=&#8220;0px||||false|false&#8220; global_colors_info=&#8220;{}&#8220; theme_builder_area=&#8220;post_content&#8220;][et_pb_column type=&#8220;4_4&#8243; _builder_version=&#8220;4.19.4&#8243; _module_preset=&#8220;default&#8220; global_colors_info=&#8220;{}&#8220; theme_builder_area=&#8220;post_content&#8220;][et_pb_video src=&#8220;https:\/\/youtu.be\/QesZbQDJGNM?si=qs12bq01IEtJv9AO&#8220; _builder_version=&#8220;4.27.0&#8243; _module_preset=&#8220;default&#8220; animation_style=&#8220;fade&#8220; global_colors_info=&#8220;{}&#8220; theme_builder_area=&#8220;post_content&#8220;][\/et_pb_video][\/et_pb_column][\/et_pb_row][\/et_pb_section]\n","protected":false},"excerpt":{"rendered":"<p>Fachabitur 2024 am CSBWV \ud83c\udf93\u2728 Anfang Juli haben die Absolvent:innen der H\u00f6heren Handelsschule w\u00e4hrend einer geb\u00fchrenden Abschlussfeier ihre Zeugnisse enthalten &#8211; zum Teil jubelnd und fr\u00f6hlich, andere darauf blickend, dass [&hellip;]<\/p>\n","protected":false},"author":1,"featured_media":3284,"comment_status":"closed","ping_status":"closed","sticky":false,"template":"","format":"standard","meta":{"_et_pb_use_builder":"on","_et_pb_old_content":"","_et_gb_content_width":"","footnotes":""},"categories":[40],"tags":[150,214,13,17,14,12,244,35,92,61,60,59],"class_list":["post-3279","post","type-post","status-publish","format-standard","has-post-thumbnail","hentry","category-veranstaltungen","tag-150","tag-abschlussfeier","tag-berufskolleg","tag-bielefeld","tag-carl-severing-berufskolleg","tag-csbwv","tag-fachabi","tag-fachabitur","tag-fachhochschulreife","tag-fhr","tag-handelsschule","tag-hoehere"],"_links":{"self":[{"href":"https:\/\/csbwv.de\/index.php\/wp-json\/wp\/v2\/posts\/3279","targetHints":{"allow":["GET"]}}],"collection":[{"href":"https:\/\/csbwv.de\/index.php\/wp-json\/wp\/v2\/posts"}],"about":[{"href":"https:\/\/csbwv.de\/index.php\/wp-json\/wp\/v2\/types\/post"}],"author":[{"embeddable":true,"href":"https:\/\/csbwv.de\/index.php\/wp-json\/wp\/v2\/users\/1"}],"replies":[{"embeddable":true,"href":"https:\/\/csbwv.de\/index.php\/wp-json\/wp\/v2\/comments?post=3279"}],"version-history":[{"count":6,"href":"https:\/\/csbwv.de\/index.php\/wp-json\/wp\/v2\/posts\/3279\/revisions"}],"predecessor-version":[{"id":3358,"href":"https:\/\/csbwv.de\/index.php\/wp-json\/wp\/v2\/posts\/3279\/revisions\/3358"}],"wp:featuredmedia":[{"embeddable":true,"href":"https:\/\/csbwv.de\/index.php\/wp-json\/wp\/v2\/media\/3284"}],"wp:attachment":[{"href":"https:\/\/csbwv.de\/index.php\/wp-json\/wp\/v2\/media?parent=3279"}],"wp:term":[{"taxonomy":"category","embeddable":true,"href":"https:\/\/csbwv.de\/index.php\/wp-json\/wp\/v2\/categories?post=3279"},{"taxonomy":"post_tag","embeddable":true,"href":"https:\/\/csbwv.de\/index.php\/wp-json\/wp\/v2\/tags?post=3279"}],"curies":[{"name":"wp","href":"https:\/\/api.w.org\/{rel}","templated":true}]}}