{"id":3511,"date":"2024-11-05T11:15:32","date_gmt":"2024-11-05T10:15:32","guid":{"rendered":"https:\/\/csbwv.de\/?p=3511"},"modified":"2024-11-05T11:28:23","modified_gmt":"2024-11-05T10:28:23","slug":"erasmus-informationsveranstaltung","status":"publish","type":"post","link":"https:\/\/csbwv.de\/index.php\/2024\/11\/05\/erasmus-informationsveranstaltung\/","title":{"rendered":"Erasmus+ Informationsveranstaltungen"},"content":{"rendered":"<p>[et_pb_section fb_built=&#8220;1&#8243; _builder_version=&#8220;4.19.4&#8243; _module_preset=&#8220;default&#8220; custom_padding=&#8220;0px||2px|||&#8220; global_colors_info=&#8220;{}&#8220; theme_builder_area=&#8220;post_content&#8220;][et_pb_row _builder_version=&#8220;4.19.2&#8243; _module_preset=&#8220;default&#8220; custom_padding=&#8220;3px|||||&#8220; global_colors_info=&#8220;{}&#8220; theme_builder_area=&#8220;post_content&#8220;][et_pb_column type=&#8220;4_4&#8243; _builder_version=&#8220;4.19.2&#8243; _module_preset=&#8220;default&#8220; global_colors_info=&#8220;{}&#8220; theme_builder_area=&#8220;post_content&#8220;][et_pb_text content_tablet=&#8220;<\/p>\n<h1>Vorbereitungsbesuch f\u00fcr das Erasmus+ Programm<\/h1>\n<p>Nachdem das Carl-Severing-Berufskolleg f\u00fcr Wirtschaft und Verwaltung nun f\u00fcr die \u201eKey Action 1\u201c Aktivit\u00e4ten im Rahmen des Erasmus+ Programms akkreditiert ist, sollen die Aktivit\u00e4ten am CSBWV mit weiterer Unterst\u00fctzung von Agenturen ausgebaut werden. Dazu haben sich Frau Pauli und Frau Kn\u00fcver nach Irland aufgemacht.<\/p>\n<p>&#8220; content_phone=&#8220;<\/p>\n<h1>Vorbereitungsbesuch f\u00fcr das Erasmus+ Programm<\/h1>\n<p>Nachdem das Carl-Severing-Berufskolleg f\u00fcr Wirtschaft und Verwaltung nun f\u00fcr die \u201eKey Action 1\u201c Aktivit\u00e4ten im Rahmen des Erasmus+ Programms akkreditiert ist, sollen die Aktivit\u00e4ten am CSBWV mit weiterer Unterst\u00fctzung von Agenturen ausgebaut werden. Dazu haben sich Frau Pauli und Frau Kn\u00fcver nach Irland aufgemacht.<\/p>\n<p>&#8220; content_last_edited=&#8220;off|tablet&#8220; admin_label=&#8220;Text&#8220; _builder_version=&#8220;4.27.2&#8243; _module_preset=&#8220;default&#8220; header_font_size=&#8220;33px&#8220; custom_padding=&#8220;||0px|||&#8220; hover_enabled=&#8220;0&#8243; header_font_size_tablet=&#8220;33px&#8220; header_font_size_phone=&#8220;20px&#8220; header_font_size_last_edited=&#8220;on|phone&#8220; global_colors_info=&#8220;{}&#8220; theme_builder_area=&#8220;post_content&#8220; sticky_enabled=&#8220;0&#8243;]<\/p>\n<h1>Erasmus+ Informationsveranstaltungen<\/h1>\n<p>Absolviere ein Praktikum im Ausland mit der Unterst\u00fctzung von Erasmus+. Du hast noch Fragen? Nutze unsere beiden Online-Informationsveranstaltungen am Donnerstag, 07.11.2024 und Dienstag, 12.11.2024 jeweils um 16.00 Uhr, um diese zu kl\u00e4ren.<\/p>\n<p>R\u00fcckfragen kannst Du gern via E-Mail oder MS Teams an Frau Jennifer Kr\u00fcger stellen: <a href=\"mailto:kru@csbwv.de\">kru@csbwv.de<\/a><\/p>\n<p><a href=\"https:\/\/csbwv.de\/index.php\/auslandspraktikum\/\">Weitere Informationen zum Auslandspraktikum findest Du unter anderem hier<\/a>.<\/p>\n<p>[\/et_pb_text][et_pb_image src=&#8220;https:\/\/csbwv.de\/wp-content\/uploads\/2023\/09\/Erasmus_EU_emblem_with_tagline-pos-EN-450&#215;160.png&#8220; alt=&#8220;Erasmus+&#8220; title_text=&#8220;Erasmus_EU_emblem_with_tagline-pos-EN&#8220; _builder_version=&#8220;4.22.1&#8243; _module_preset=&#8220;default&#8220; animation_style=&#8220;fade&#8220; global_colors_info=&#8220;{}&#8220; theme_builder_area=&#8220;post_content&#8220;][\/et_pb_image][et_pb_image src=&#8220;https:\/\/csbwv.de\/wp-content\/uploads\/2024\/11\/2024-Erasmus-Infoveranstaltung-TZ_Insta.jpg&#8220; alt=&#8220;Erasmus+ am CSBWV &#8211; Informationsveranstaltung&#8220; title_text=&#8220;2024-Erasmus-Infoveranstaltung-TZ_Insta&#8220; show_in_lightbox=&#8220;on&#8220; _builder_version=&#8220;4.27.2&#8243; _module_preset=&#8220;default&#8220; animation_style=&#8220;fade&#8220; global_colors_info=&#8220;{}&#8220; theme_builder_area=&#8220;post_content&#8220;][\/et_pb_image][\/et_pb_column][\/et_pb_row][\/et_pb_section]<\/p>\n","protected":false},"excerpt":{"rendered":"<p>Erasmus+ Informationsveranstaltungen Absolviere ein Praktikum im Ausland mit der Unterst\u00fctzung von Erasmus+. Du hast noch Fragen? Nutze unsere beiden Online-Informationsveranstaltungen am Donnerstag, 07.11.2024 und Dienstag, 12.11.2024 jeweils um 16.00 Uhr, [&hellip;]<\/p>\n","protected":false},"author":1,"featured_media":3512,"comment_status":"closed","ping_status":"closed","sticky":false,"template":"","format":"standard","meta":{"_et_pb_use_builder":"on","_et_pb_old_content":"","_et_gb_content_width":"","footnotes":""},"categories":[124],"tags":[13,17,14,12,131,121,154,267,46,199],"class_list":["post-3511","post","type-post","status-publish","format-standard","has-post-thumbnail","hentry","category-z_archiv","tag-berufskolleg","tag-bielefeld","tag-carl-severing-berufskolleg","tag-csbwv","tag-erasmus-2","tag-erasmus","tag-information","tag-informationsveranstaltung","tag-owl","tag-veranstaltung"],"_links":{"self":[{"href":"https:\/\/csbwv.de\/index.php\/wp-json\/wp\/v2\/posts\/3511","targetHints":{"allow":["GET"]}}],"collection":[{"href":"https:\/\/csbwv.de\/index.php\/wp-json\/wp\/v2\/posts"}],"about":[{"href":"https:\/\/csbwv.de\/index.php\/wp-json\/wp\/v2\/types\/post"}],"author":[{"embeddable":true,"href":"https:\/\/csbwv.de\/index.php\/wp-json\/wp\/v2\/users\/1"}],"replies":[{"embeddable":true,"href":"https:\/\/csbwv.de\/index.php\/wp-json\/wp\/v2\/comments?post=3511"}],"version-history":[{"count":6,"href":"https:\/\/csbwv.de\/index.php\/wp-json\/wp\/v2\/posts\/3511\/revisions"}],"predecessor-version":[{"id":3525,"href":"https:\/\/csbwv.de\/index.php\/wp-json\/wp\/v2\/posts\/3511\/revisions\/3525"}],"wp:featuredmedia":[{"embeddable":true,"href":"https:\/\/csbwv.de\/index.php\/wp-json\/wp\/v2\/media\/3512"}],"wp:attachment":[{"href":"https:\/\/csbwv.de\/index.php\/wp-json\/wp\/v2\/media?parent=3511"}],"wp:term":[{"taxonomy":"category","embeddable":true,"href":"https:\/\/csbwv.de\/index.php\/wp-json\/wp\/v2\/categories?post=3511"},{"taxonomy":"post_tag","embeddable":true,"href":"https:\/\/csbwv.de\/index.php\/wp-json\/wp\/v2\/tags?post=3511"}],"curies":[{"name":"wp","href":"https:\/\/api.w.org\/{rel}","templated":true}]}}