{"id":3697,"date":"2024-12-16T05:00:00","date_gmt":"2024-12-16T04:00:00","guid":{"rendered":"https:\/\/csbwv.de\/?p=3697"},"modified":"2024-12-11T19:35:50","modified_gmt":"2024-12-11T18:35:50","slug":"schauplatz-bruessel-eu-hautnah-erleben","status":"publish","type":"post","link":"https:\/\/csbwv.de\/index.php\/2024\/12\/16\/schauplatz-bruessel-eu-hautnah-erleben\/","title":{"rendered":"Schauplatz Br\u00fcssel &#8211; EU hautnah erleben!"},"content":{"rendered":"\n[et_pb_section fb_built=&#8220;1&#8243; _builder_version=&#8220;4.19.4&#8243; _module_preset=&#8220;default&#8220; custom_padding=&#8220;1px||2px|||&#8220; global_colors_info=&#8220;{}&#8220; theme_builder_area=&#8220;et_body_layout&#8220;][et_pb_row _builder_version=&#8220;4.19.2&#8243; _module_preset=&#8220;default&#8220; global_colors_info=&#8220;{}&#8220; theme_builder_area=&#8220;et_body_layout&#8220;][et_pb_column type=&#8220;4_4&#8243; _builder_version=&#8220;4.19.2&#8243; _module_preset=&#8220;default&#8220; global_colors_info=&#8220;{}&#8220; theme_builder_area=&#8220;et_body_layout&#8220;][et_pb_heading title=&#8220;Schauplatz Br\u00fcssel &#8220; _builder_version=&#8220;4.27.4&#8243; _module_preset=&#8220;default&#8220; animation_style=&#8220;slide&#8220; animation_direction=&#8220;top&#8220; hover_enabled=&#8220;0&#8243; global_colors_info=&#8220;{}&#8220; theme_builder_area=&#8220;et_body_layout&#8220; sticky_enabled=&#8220;0&#8243;][\/et_pb_heading][et_pb_text _builder_version=&#8220;4.27.4&#8243; _module_preset=&#8220;default&#8220; animation_style=&#8220;fade&#8220; hover_enabled=&#8220;0&#8243; global_colors_info=&#8220;{}&#8220; theme_builder_area=&#8220;et_body_layout&#8220; sticky_enabled=&#8220;0&#8243;]<h2>Kann die EU im Wahljahr 2024 den Dauerkrisenmodus \u00fcberwinden?<\/h2>\n<p>Die Oberstufe unseres <a href=\"https:\/\/csbwv.de\/index.php\/berufliches-gymnasium-informatik\/\">Beruflichen Gymnasiums f\u00fcr Informatik<\/a>, <a href=\"https:\/\/csbwv.de\/index.php\/wirtschaftsgymnasium\/\">Wirtschaftsgymnasiums<\/a> sowie die Oberstufenklasse der <a href=\"https:\/\/csbwv.de\/index.php\/hoehere-handelsschule\/\">H\u00f6heren Handelsschule<\/a> mit dem Schwerpunkt \u201eeurop\u00e4isch handeln\u201c hatten die au\u00dfergew\u00f6hnliche Gelegenheit, die EU direkt vor Ort in Br\u00fcssel zu erleben. Unterst\u00fctzt durch die Europ\u00e4ische Akademie NRW wurde eine Fahrt organisiert, die nicht nur lehrreich, sondern auch inspirierend war.<\/p>\n<p>Im Mittelpunkt standen wichtige Fragen, die uns alle betreffen:<\/p>\n<ul>\n<li>Welche Vorteile bietet die EU f\u00fcr jeden Einzelnen?<\/li>\n<li>Wie schaffen wir es, in herausfordernden Zeiten zusammenzuhalten?<\/li>\n<li>Und warum ben\u00f6tigen Entscheidungen auf EU-Ebene oft so viel Zeit?<\/li>\n<\/ul>[\/et_pb_text][\/et_pb_column][\/et_pb_row][et_pb_row _builder_version=&#8220;4.24.2&#8243; _module_preset=&#8220;default&#8220; custom_margin=&#8220;||||false|false&#8220; custom_padding=&#8220;||||false|false&#8220; global_colors_info=&#8220;{}&#8220; theme_builder_area=&#8220;et_body_layout&#8220;][et_pb_column type=&#8220;4_4&#8243; _builder_version=&#8220;4.19.4&#8243; _module_preset=&#8220;default&#8220; global_colors_info=&#8220;{}&#8220; theme_builder_area=&#8220;et_body_layout&#8220;][et_pb_image src=&#8220;https:\/\/csbwv.de\/wp-content\/uploads\/2024\/12\/2024-CSBWV-Bruessel-EU-1-1920&#215;1080-1.jpg&#8220; alt=&#8220;Berufliches Gymnasium und H\u00f6here Handelsschule in Br\u00fcssel&#8220; title_text=&#8220;2024-CSBWV-Bruessel-EU-1-1920&#215;1080&#8243; show_in_lightbox=&#8220;on&#8220; align=&#8220;center&#8220; _builder_version=&#8220;4.27.4&#8243; _module_preset=&#8220;default&#8220; custom_margin=&#8220;-29px|||||&#8220; animation_style=&#8220;fade&#8220; animation_direction=&#8220;left&#8220; hover_enabled=&#8220;0&#8243; global_colors_info=&#8220;{}&#8220; theme_builder_area=&#8220;et_body_layout&#8220; sticky_enabled=&#8220;0&#8243;][\/et_pb_image][et_pb_text _builder_version=&#8220;4.27.4&#8243; _module_preset=&#8220;default&#8220; custom_padding=&#8220;||7px|||&#8220; animation_style=&#8220;fade&#8220; hover_enabled=&#8220;0&#8243; global_colors_info=&#8220;{}&#8220; theme_builder_area=&#8220;et_body_layout&#8220; sticky_enabled=&#8220;0&#8243;]<p>Auf dem abwechslungsreichen Programm standen zahlreiche Programmpunkte, die den Sch\u00fcler*innen das komplexe Konstrukt der EU n\u00e4herbrachte. Der Besuch des Parlamentariums erm\u00f6glichte es, die Geschichte und Arbeitsweise der Europ\u00e4ischen Union interaktiv und anschaulich zu entdecken.<\/p>[\/et_pb_text][\/et_pb_column][\/et_pb_row][et_pb_row _builder_version=&#8220;4.27.3&#8243; _module_preset=&#8220;default&#8220; custom_margin=&#8220;0px||||false|false&#8220; custom_padding=&#8220;0px||||false|false&#8220; global_colors_info=&#8220;{}&#8220; theme_builder_area=&#8220;et_body_layout&#8220;][et_pb_column type=&#8220;4_4&#8243; _builder_version=&#8220;4.27.0&#8243; _module_preset=&#8220;default&#8220; global_colors_info=&#8220;{}&#8220; theme_builder_area=&#8220;et_body_layout&#8220;][et_pb_image src=&#8220;https:\/\/csbwv.de\/wp-content\/uploads\/2024\/12\/2024-CSBWV-Bruessel-EU-2-1920&#215;1080-1.jpg&#8220; alt=&#8220;Schauplatz Br\u00fcssel \u2013 CSBWV bei der EU&#8220; title_text=&#8220;2024-CSBWV-Bruessel-EU-2-1920&#215;1080&#8243; show_in_lightbox=&#8220;on&#8220; _builder_version=&#8220;4.27.4&#8243; _module_preset=&#8220;default&#8220; animation_style=&#8220;fade&#8220; hover_enabled=&#8220;0&#8243; global_colors_info=&#8220;{}&#8220; theme_builder_area=&#8220;et_body_layout&#8220; sticky_enabled=&#8220;0&#8243;][\/et_pb_image][\/et_pb_column][\/et_pb_row][et_pb_row _builder_version=&#8220;4.27.3&#8243; _module_preset=&#8220;default&#8220; custom_margin=&#8220;0px||||false|false&#8220; custom_padding=&#8220;0px||||false|false&#8220; global_colors_info=&#8220;{}&#8220; theme_builder_area=&#8220;et_body_layout&#8220;][et_pb_column type=&#8220;4_4&#8243; _builder_version=&#8220;4.27.3&#8243; _module_preset=&#8220;default&#8220; global_colors_info=&#8220;{}&#8220; theme_builder_area=&#8220;et_body_layout&#8220;][et_pb_text _builder_version=&#8220;4.27.4&#8243; _module_preset=&#8220;default&#8220; hover_enabled=&#8220;0&#8243; global_colors_info=&#8220;{}&#8220; theme_builder_area=&#8220;et_body_layout&#8220; sticky_enabled=&#8220;0&#8243;]<p>Ein weiterer H\u00f6hepunkt war der Besuch des Europ\u00e4ischen Parlaments, bei dem die Sch\u00fclerinnen und Sch\u00fcler nicht nur den beeindruckenden Plenarsaal aus n\u00e4chster N\u00e4he erleben konnten, sondern auch an anregenden Diskussionen teilnahmen. <\/p>[\/et_pb_text][\/et_pb_column][\/et_pb_row][et_pb_row _builder_version=&#8220;4.27.3&#8243; _module_preset=&#8220;default&#8220; custom_margin=&#8220;0px||||false|false&#8220; custom_padding=&#8220;0px||||false|false&#8220; global_colors_info=&#8220;{}&#8220; theme_builder_area=&#8220;et_body_layout&#8220;][et_pb_column type=&#8220;4_4&#8243; _builder_version=&#8220;4.27.3&#8243; _module_preset=&#8220;default&#8220; global_colors_info=&#8220;{}&#8220; theme_builder_area=&#8220;et_body_layout&#8220;][et_pb_video src=&#8220;https:\/\/youtube.com\/shorts\/uLyNBRrEzLY?feature=share&#8220; _builder_version=&#8220;4.27.4&#8243; _module_preset=&#8220;default&#8220; theme_builder_area=&#8220;et_body_layout&#8220; animation_style=&#8220;fade&#8220; hover_enabled=&#8220;0&#8243; sticky_enabled=&#8220;0&#8243;][\/et_pb_video][\/et_pb_column][\/et_pb_row][et_pb_row _builder_version=&#8220;4.27.3&#8243; _module_preset=&#8220;default&#8220; custom_margin=&#8220;0px||||false|false&#8220; custom_padding=&#8220;0px||||false|false&#8220; global_colors_info=&#8220;{}&#8220; theme_builder_area=&#8220;et_body_layout&#8220;][et_pb_column type=&#8220;4_4&#8243; _builder_version=&#8220;4.27.3&#8243; _module_preset=&#8220;default&#8220; global_colors_info=&#8220;{}&#8220; theme_builder_area=&#8220;et_body_layout&#8220;][et_pb_text _builder_version=&#8220;4.27.4&#8243; _module_preset=&#8220;default&#8220; hover_enabled=&#8220;0&#8243; global_colors_info=&#8220;{}&#8220; theme_builder_area=&#8220;et_body_layout&#8220; sticky_enabled=&#8220;0&#8243;]<p>Ein Treffen im Ausschuss der Regionen bot spannende Einblicke in die Zusammenarbeit zwischen der EU und den regionalen Vertretungen. Abgerundet wurde das Programm durch ein Gespr\u00e4ch mit einem Sprecher der Europ\u00e4ischen Kommission, der die aktuellen Herausforderungen und Strategien der EU insbesondere im Hinblick auf den Europ\u00e4ischen Binnenmarkt beleuchtete.<\/p>[\/et_pb_text][\/et_pb_column][\/et_pb_row][et_pb_row _builder_version=&#8220;4.27.3&#8243; _module_preset=&#8220;default&#8220; custom_margin=&#8220;0px||||false|false&#8220; custom_padding=&#8220;0px||||false|false&#8220; global_colors_info=&#8220;{}&#8220; theme_builder_area=&#8220;et_body_layout&#8220;][et_pb_column type=&#8220;4_4&#8243; _builder_version=&#8220;4.27.0&#8243; _module_preset=&#8220;default&#8220; global_colors_info=&#8220;{}&#8220; theme_builder_area=&#8220;et_body_layout&#8220;][et_pb_image src=&#8220;https:\/\/csbwv.de\/wp-content\/uploads\/2024\/12\/2024-CSBWV-Bruessel-EU-5-1920&#215;1080-1.jpg&#8220; alt=&#8220;Schauplatz Br\u00fcssel &#8211; CSBWV bei der EU&#8220; title_text=&#8220;2024-CSBWV-Bruessel-EU-5-1920&#215;1080&#8243; show_in_lightbox=&#8220;on&#8220; _builder_version=&#8220;4.27.4&#8243; _module_preset=&#8220;default&#8220; animation_style=&#8220;fade&#8220; hover_enabled=&#8220;0&#8243; global_colors_info=&#8220;{}&#8220; theme_builder_area=&#8220;et_body_layout&#8220; sticky_enabled=&#8220;0&#8243;][\/et_pb_image][et_pb_text _builder_version=&#8220;4.27.4&#8243; _module_preset=&#8220;default&#8220; hover_enabled=&#8220;0&#8243; global_colors_info=&#8220;{}&#8220; theme_builder_area=&#8220;et_body_layout&#8220; sticky_enabled=&#8220;0&#8243;]<p>Doch nicht nur die Wissensvermittlung stand im Fokus \u2013 auch der Spa\u00df kam bei dieser Fahrt nicht zu kurz. Trotz des regnerischen Wetters lie\u00dfen sich die Sch\u00fcler*innen die Stimmung nicht verderben. Eine gef\u00fchrte Tour durch das festlich geschm\u00fcckte Br\u00fcssel zeigte die Besonderheiten der Stadt in weihnachtlicher Atmosph\u00e4re. Nat\u00fcrlich durfte auch der Genuss belgischer Pommes nicht fehlen, und der Besuch des beeindruckenden Atomiums wird noch lange in Erinnerung bleiben.<\/p>[\/et_pb_text][\/et_pb_column][\/et_pb_row][et_pb_row _builder_version=&#8220;4.27.3&#8243; _module_preset=&#8220;default&#8220; custom_margin=&#8220;0px||||false|false&#8220; custom_padding=&#8220;0px||||false|false&#8220; global_colors_info=&#8220;{}&#8220; column_structure=&#8220;1_2,1_2&#8243; theme_builder_area=&#8220;et_body_layout&#8220;][et_pb_column type=&#8220;1_2&#8243; _builder_version=&#8220;4.27.0&#8243; _module_preset=&#8220;default&#8220; global_colors_info=&#8220;{}&#8220; theme_builder_area=&#8220;et_body_layout&#8220;][et_pb_image src=&#8220;https:\/\/csbwv.de\/wp-content\/uploads\/2024\/12\/2024-CSBWV-Bruessel-EU-4-1080.jpg&#8220; alt=&#8220;JUNGK\u00d6PFE eSG des CSBWV &#8211; BMWK&#8220; title_text=&#8220;2024-CSBWV-Bruessel-EU-4-1080&#8243; show_in_lightbox=&#8220;on&#8220; _builder_version=&#8220;4.27.4&#8243; _module_preset=&#8220;default&#8220; animation_style=&#8220;fade&#8220; hover_enabled=&#8220;0&#8243; global_colors_info=&#8220;{}&#8220; theme_builder_area=&#8220;et_body_layout&#8220; sticky_enabled=&#8220;0&#8243;][\/et_pb_image][\/et_pb_column][et_pb_column type=&#8220;1_2&#8243; _builder_version=&#8220;4.27.0&#8243; _module_preset=&#8220;default&#8220; global_colors_info=&#8220;{}&#8220; theme_builder_area=&#8220;et_body_layout&#8220;][et_pb_image src=&#8220;https:\/\/csbwv.de\/wp-content\/uploads\/2024\/12\/2024-CSBWV-Bruessel-EU-3-1080.jpg&#8220; alt=&#8220;JUNGK\u00d6PFE eSG des CSBWV &#8211; BMWK&#8220; title_text=&#8220;2024-CSBWV-Bruessel-EU-3-1080&#8243; show_in_lightbox=&#8220;on&#8220; _builder_version=&#8220;4.27.4&#8243; _module_preset=&#8220;default&#8220; animation_style=&#8220;fade&#8220; hover_enabled=&#8220;0&#8243; global_colors_info=&#8220;{}&#8220; theme_builder_area=&#8220;et_body_layout&#8220; sticky_enabled=&#8220;0&#8243;][\/et_pb_image][\/et_pb_column][\/et_pb_row][et_pb_row _builder_version=&#8220;4.27.3&#8243; _module_preset=&#8220;default&#8220; custom_margin=&#8220;0px||||false|false&#8220; custom_padding=&#8220;0px||||false|false&#8220; global_colors_info=&#8220;{}&#8220; theme_builder_area=&#8220;et_body_layout&#8220;][et_pb_column type=&#8220;4_4&#8243; _builder_version=&#8220;4.27.3&#8243; _module_preset=&#8220;default&#8220; global_colors_info=&#8220;{}&#8220; theme_builder_area=&#8220;et_body_layout&#8220;][et_pb_text _builder_version=&#8220;4.27.4&#8243; _module_preset=&#8220;default&#8220; hover_enabled=&#8220;0&#8243; global_colors_info=&#8220;{}&#8220; theme_builder_area=&#8220;et_body_layout&#8220; sticky_enabled=&#8220;0&#8243;]<p>Die Oberstufenfahrt war nicht nur ein sch\u00f6nes, gemeinschaftliches Erlebnis, sondern auch eine wertvolle Gelegenheit, Europa in all seinen Facetten zu erleben und die Bedeutung gemeinsamer Werte und Zusammenarbeit zu verstehen.<\/p>\n<p>Ein herzliches Dankesch\u00f6n gilt der Europ\u00e4ischen Akademie NRW, die mit ihrer Unterst\u00fctzung diese einzigartige Erfahrung m\u00f6glich gemacht hat.<\/p>[\/et_pb_text][\/et_pb_column][\/et_pb_row][et_pb_row _builder_version=&#8220;4.27.3&#8243; _module_preset=&#8220;default&#8220; custom_margin=&#8220;0px||||false|false&#8220; custom_padding=&#8220;0px||||false|false&#8220; global_colors_info=&#8220;{}&#8220; theme_builder_area=&#8220;et_body_layout&#8220;][et_pb_column type=&#8220;4_4&#8243; _builder_version=&#8220;4.27.0&#8243; _module_preset=&#8220;default&#8220; global_colors_info=&#8220;{}&#8220; theme_builder_area=&#8220;et_body_layout&#8220;][et_pb_image src=&#8220;https:\/\/csbwv.de\/wp-content\/uploads\/2024\/12\/2024-CSBWV-Bruessel-EU-6-1080.jpg&#8220; alt=&#8220;CSBWV in Br\u00fcssel&#8220; title_text=&#8220;2024-CSBWV-Bruessel-EU-6-1080&#8243; show_in_lightbox=&#8220;on&#8220; _builder_version=&#8220;4.27.4&#8243; _module_preset=&#8220;default&#8220; animation_style=&#8220;fade&#8220; hover_enabled=&#8220;0&#8243; global_colors_info=&#8220;{}&#8220; theme_builder_area=&#8220;et_body_layout&#8220; sticky_enabled=&#8220;0&#8243;][\/et_pb_image][et_pb_image src=&#8220;https:\/\/csbwv.de\/wp-content\/uploads\/2024\/12\/2024-CSBWV-Bruessel-EU-7-1080.jpg&#8220; alt=&#8220;CSBWV in Br\u00fcssel&#8220; title_text=&#8220;2024-CSBWV-Bruessel-EU-7-1080&#8243; show_in_lightbox=&#8220;on&#8220; _builder_version=&#8220;4.27.4&#8243; _module_preset=&#8220;default&#8220; animation_style=&#8220;fade&#8220; hover_enabled=&#8220;0&#8243; global_colors_info=&#8220;{}&#8220; theme_builder_area=&#8220;et_body_layout&#8220; sticky_enabled=&#8220;0&#8243;][\/et_pb_image][\/et_pb_column][\/et_pb_row][\/et_pb_section]\n","protected":false},"excerpt":{"rendered":"<p>Schauplatz Br\u00fcssel \u2013 Kann die EU im Wahljahr 2024 den Dauerkrisenmodus \u00fcberwinden?<\/p>\n<p>Die Oberstufe unseres Beruflichen Gymnasiums sowie die Oberstufenklasse der H\u00f6heren Handelsschule mit dem Schwerpunkt \u201eeurop\u00e4isch handeln\u201c hatten die au\u00dfergew\u00f6hnliche Gelegenheit, die EU direkt vor Ort in Br\u00fcssel zu erleben.<\/p>\n","protected":false},"author":1,"featured_media":3671,"comment_status":"closed","ping_status":"closed","sticky":false,"template":"","format":"standard","meta":{"_et_pb_use_builder":"on","_et_pb_old_content":"","_et_gb_content_width":"","footnotes":""},"categories":[76],"tags":[13,17,14,12,69,83,78,60,59,290,47],"class_list":["post-3697","post","type-post","status-publish","format-standard","has-post-thumbnail","hentry","category-studienfahrten","tag-berufskolleg","tag-bielefeld","tag-carl-severing-berufskolleg","tag-csbwv","tag-eu","tag-europa","tag-gymnasium","tag-handelsschule","tag-hoehere","tag-parlament","tag-wirtschaftsgymnasium"],"_links":{"self":[{"href":"https:\/\/csbwv.de\/index.php\/wp-json\/wp\/v2\/posts\/3697","targetHints":{"allow":["GET"]}}],"collection":[{"href":"https:\/\/csbwv.de\/index.php\/wp-json\/wp\/v2\/posts"}],"about":[{"href":"https:\/\/csbwv.de\/index.php\/wp-json\/wp\/v2\/types\/post"}],"author":[{"embeddable":true,"href":"https:\/\/csbwv.de\/index.php\/wp-json\/wp\/v2\/users\/1"}],"replies":[{"embeddable":true,"href":"https:\/\/csbwv.de\/index.php\/wp-json\/wp\/v2\/comments?post=3697"}],"version-history":[{"count":3,"href":"https:\/\/csbwv.de\/index.php\/wp-json\/wp\/v2\/posts\/3697\/revisions"}],"predecessor-version":[{"id":3702,"href":"https:\/\/csbwv.de\/index.php\/wp-json\/wp\/v2\/posts\/3697\/revisions\/3702"}],"wp:featuredmedia":[{"embeddable":true,"href":"https:\/\/csbwv.de\/index.php\/wp-json\/wp\/v2\/media\/3671"}],"wp:attachment":[{"href":"https:\/\/csbwv.de\/index.php\/wp-json\/wp\/v2\/media?parent=3697"}],"wp:term":[{"taxonomy":"category","embeddable":true,"href":"https:\/\/csbwv.de\/index.php\/wp-json\/wp\/v2\/categories?post=3697"},{"taxonomy":"post_tag","embeddable":true,"href":"https:\/\/csbwv.de\/index.php\/wp-json\/wp\/v2\/tags?post=3697"}],"curies":[{"name":"wp","href":"https:\/\/api.w.org\/{rel}","templated":true}]}}