{"id":5353,"date":"2026-03-13T07:00:00","date_gmt":"2026-03-13T06:00:00","guid":{"rendered":"https:\/\/csbwv.de\/?p=5353"},"modified":"2026-03-05T20:02:12","modified_gmt":"2026-03-05T19:02:12","slug":"insider-tag-fachkraefte-fuer-schutz-und-sicherheit-2","status":"publish","type":"post","link":"https:\/\/csbwv.de\/index.php\/2026\/03\/13\/insider-tag-fachkraefte-fuer-schutz-und-sicherheit-2\/","title":{"rendered":"Insider-Tag: Fachkr\u00e4fte f\u00fcr Schutz- und Sicherheit"},"content":{"rendered":"\n[et_pb_section fb_built=&#8220;1&#8243; _builder_version=&#8220;4.19.4&#8243; _module_preset=&#8220;default&#8220; custom_padding=&#8220;1px||2px|||&#8220; global_colors_info=&#8220;{}&#8220; theme_builder_area=&#8220;et_body_layout&#8220;][et_pb_row _builder_version=&#8220;4.27.4&#8243; _module_preset=&#8220;default&#8220; hover_enabled=&#8220;0&#8243; global_colors_info=&#8220;{}&#8220; theme_builder_area=&#8220;et_body_layout&#8220; sticky_enabled=&#8220;0&#8243;][et_pb_column type=&#8220;4_4&#8243; _builder_version=&#8220;4.19.2&#8243; _module_preset=&#8220;default&#8220; global_colors_info=&#8220;{}&#8220; theme_builder_area=&#8220;et_body_layout&#8220;][et_pb_heading title=&#8220;Insider-Tag&#8220; _builder_version=&#8220;4.27.6&#8243; _module_preset=&#8220;default&#8220; animation_style=&#8220;slide&#8220; animation_direction=&#8220;top&#8220; hover_enabled=&#8220;0&#8243; global_colors_info=&#8220;{}&#8220; theme_builder_area=&#8220;et_body_layout&#8220; sticky_enabled=&#8220;0&#8243;][\/et_pb_heading][et_pb_text _builder_version=&#8220;4.27.6&#8243; _module_preset=&#8220;default&#8220; custom_padding=&#8220;||7px|||&#8220; animation_style=&#8220;fade&#8220; hover_enabled=&#8220;0&#8243; global_colors_info=&#8220;{}&#8220; theme_builder_area=&#8220;et_body_layout&#8220; sticky_enabled=&#8220;0&#8243;]<h3>Karrierewege im Bereich &#8222;Schutz und Sicherheit&#8220;<\/h3>\n<p>Was f\u00fcr ein besonderer Tag! Ehemalige Sch\u00fclerinnen und Sch\u00fcler unseres Bildungsgangs \u201e<a href=\"https:\/\/csbwv.de\/index.php\/fachkraefte-fuer-schutz-und-sicherheit\/\">Fachkraft\/Servicekraft f\u00fcr Schutz und Sicherheit<\/a>\u201c kommen zur\u00fcck an das CSB \u2013 nicht als Lernende, sondern als echte Insider ihrer Branche.\u00a0<\/p>[\/et_pb_text][et_pb_image src=&#8220;https:\/\/csbwv.de\/wp-content\/uploads\/2026\/03\/CSBWV-2026-Insidertag-1920-1.jpg&#8220; alt=&#8220;CSBWV &#8211; Insider-Tag: Fachkr\u00e4fte f\u00fcr Schutz und Sicherheit&#8220; title_text=&#8220;CSBWV-2026-Insidertag-1920-1&#8243; show_in_lightbox=&#8220;on&#8220; align=&#8220;center&#8220; _builder_version=&#8220;4.27.6&#8243; _module_preset=&#8220;default&#8220; animation_style=&#8220;fade&#8220; hover_enabled=&#8220;0&#8243; global_colors_info=&#8220;{}&#8220; theme_builder_area=&#8220;et_body_layout&#8220; sticky_enabled=&#8220;0&#8243;][\/et_pb_image][et_pb_text _builder_version=&#8220;4.27.6&#8243; _module_preset=&#8220;default&#8220; custom_padding=&#8220;||7px|||&#8220; animation_style=&#8220;fade&#8220; hover_enabled=&#8220;0&#8243; global_colors_info=&#8220;{}&#8220; theme_builder_area=&#8220;et_body_layout&#8220; sticky_enabled=&#8220;0&#8243;]Ob bei der Polizei, in der \u00f6ffentlichen Verwaltung, im Veranstaltungsmanagement, im Sicherheitsdienstleistungsmanagement , als Meister oder Selbstst\u00e4ndiger\u2013 die Wege nach der Ausbildung sind so vielf\u00e4ltig wie unsere Auszubildenden selbst.[\/et_pb_text][et_pb_image src=&#8220;https:\/\/csbwv.de\/wp-content\/uploads\/2026\/03\/CSBWV-2026-Insidertag-1080-7.jpg&#8220; alt=&#8220;CSBWV &#8211; Insider-Tag: Fachkr\u00e4fte f\u00fcr Schutz und Sicherheit&#8220; title_text=&#8220;CSBWV-2026-Insidertag-1080-7&#8243; show_in_lightbox=&#8220;on&#8220; align=&#8220;center&#8220; _builder_version=&#8220;4.27.6&#8243; _module_preset=&#8220;default&#8220; animation_style=&#8220;fade&#8220; hover_enabled=&#8220;0&#8243; global_colors_info=&#8220;{}&#8220; theme_builder_area=&#8220;et_body_layout&#8220; sticky_enabled=&#8220;0&#8243;][\/et_pb_image][et_pb_text _builder_version=&#8220;4.27.6&#8243; _module_preset=&#8220;default&#8220; custom_padding=&#8220;||7px|||&#8220; animation_style=&#8220;fade&#8220; hover_enabled=&#8220;0&#8243; global_colors_info=&#8220;{}&#8220; theme_builder_area=&#8220;et_body_layout&#8220; sticky_enabled=&#8220;0&#8243;]Die wichtigste Botschaft des Tages: Karriere passiert nicht einfach \u2013 sie wird geplant.[\/et_pb_text][et_pb_image src=&#8220;https:\/\/csbwv.de\/wp-content\/uploads\/2026\/03\/CSBWV-2026-Insidertag-1080-6.jpg&#8220; alt=&#8220;CSBWV &#8211; Insider-Tag: Fachkr\u00e4fte f\u00fcr Schutz und Sicherheit&#8220; title_text=&#8220;CSBWV-2026-Insidertag-1080-6&#8243; show_in_lightbox=&#8220;on&#8220; align=&#8220;center&#8220; _builder_version=&#8220;4.27.6&#8243; _module_preset=&#8220;default&#8220; animation_style=&#8220;fade&#8220; hover_enabled=&#8220;0&#8243; global_colors_info=&#8220;{}&#8220; theme_builder_area=&#8220;et_body_layout&#8220; sticky_enabled=&#8220;0&#8243;][\/et_pb_image][et_pb_text _builder_version=&#8220;4.27.6&#8243; _module_preset=&#8220;default&#8220; custom_padding=&#8220;||7px|||&#8220; animation_style=&#8220;fade&#8220; hover_enabled=&#8220;0&#8243; global_colors_info=&#8220;{}&#8220; theme_builder_area=&#8220;et_body_layout&#8220; sticky_enabled=&#8220;0&#8243;]Mit dem Abschluss zur Fachkraft f\u00fcr Schutz und Sicherheit er\u00f6ffnen sich zahlreiche M\u00f6glichkeiten. Wer Verantwortung \u00fcbernimmt, Ziele formuliert und strategisch denkt, kann seinen ganz eigenen Weg gestalten \u2013 ob im \u00f6ffentlichen Dienst, in der freien Wirtschaft oder mit dem Schritt in die Selbstst\u00e4ndigkeit.[\/et_pb_text][et_pb_image src=&#8220;https:\/\/csbwv.de\/wp-content\/uploads\/2026\/03\/CSBWV-2026-Insidertag-1080-5.jpg&#8220; alt=&#8220;CSBWV &#8211; Insider-Tag: Fachkr\u00e4fte f\u00fcr Schutz und Sicherheit&#8220; title_text=&#8220;CSBWV-2026-Insidertag-1080-5&#8243; show_in_lightbox=&#8220;on&#8220; align=&#8220;center&#8220; _builder_version=&#8220;4.27.6&#8243; _module_preset=&#8220;default&#8220; animation_style=&#8220;fade&#8220; hover_enabled=&#8220;0&#8243; global_colors_info=&#8220;{}&#8220; theme_builder_area=&#8220;et_body_layout&#8220; sticky_enabled=&#8220;0&#8243;][\/et_pb_image][et_pb_text _builder_version=&#8220;4.27.6&#8243; _module_preset=&#8220;default&#8220; custom_padding=&#8220;||7px|||&#8220; animation_style=&#8220;fade&#8220; hover_enabled=&#8220;0&#8243; global_colors_info=&#8220;{}&#8220; theme_builder_area=&#8220;et_body_layout&#8220; sticky_enabled=&#8220;0&#8243;]Unsere Insider haben eindrucksvoll gezeigt:\n&#8211; Du bist f\u00fcr deine Karriere selbst verantwortlich.\n&#8211; Deine Entscheidungen machen den Unterschied.\n&#8211; Dein Weg ist planbar \u2013 wenn du ihn aktiv und flei\u00dfig gestaltest.[\/et_pb_text][et_pb_image src=&#8220;https:\/\/csbwv.de\/wp-content\/uploads\/2026\/03\/CSBWV-2026-Insidertag-1080-4.jpg&#8220; alt=&#8220;CSBWV &#8211; Insider-Tag: Fachkr\u00e4fte f\u00fcr Schutz und Sicherheit&#8220; title_text=&#8220;CSBWV-2026-Insidertag-1080-4&#8243; show_in_lightbox=&#8220;on&#8220; align=&#8220;center&#8220; _builder_version=&#8220;4.27.6&#8243; _module_preset=&#8220;default&#8220; animation_style=&#8220;fade&#8220; hover_enabled=&#8220;0&#8243; global_colors_info=&#8220;{}&#8220; theme_builder_area=&#8220;et_body_layout&#8220; sticky_enabled=&#8220;0&#8243;][\/et_pb_image][et_pb_text _builder_version=&#8220;4.27.6&#8243; _module_preset=&#8220;default&#8220; custom_padding=&#8220;||7px|||&#8220; animation_style=&#8220;fade&#8220; hover_enabled=&#8220;0&#8243; global_colors_info=&#8220;{}&#8220; theme_builder_area=&#8220;et_body_layout&#8220; sticky_enabled=&#8220;0&#8243;]Wir sind stolz auf unsere Ehemaligen und freuen uns, wenn aus heutigen Auszubildenden die Insider von morgen werden.[\/et_pb_text][et_pb_image src=&#8220;https:\/\/csbwv.de\/wp-content\/uploads\/2026\/03\/CSBWV-2026-Insidertag-1080-3.jpg&#8220; alt=&#8220;CSBWV &#8211; Insider-Tag: Fachkr\u00e4fte f\u00fcr Schutz und Sicherheit&#8220; title_text=&#8220;CSBWV-2026-Insidertag-1080-3&#8243; show_in_lightbox=&#8220;on&#8220; align=&#8220;center&#8220; _builder_version=&#8220;4.27.6&#8243; _module_preset=&#8220;default&#8220; animation_style=&#8220;fade&#8220; hover_enabled=&#8220;0&#8243; global_colors_info=&#8220;{}&#8220; theme_builder_area=&#8220;et_body_layout&#8220; sticky_enabled=&#8220;0&#8243;][\/et_pb_image][et_pb_image src=&#8220;https:\/\/csbwv.de\/wp-content\/uploads\/2026\/03\/CSBWV-2026-Insidertag-1080-2.jpg&#8220; alt=&#8220;CSBWV &#8211; Insider-Tag: Fachkr\u00e4fte f\u00fcr Schutz und Sicherheit&#8220; title_text=&#8220;CSBWV-2026-Insidertag-1080-2&#8243; show_in_lightbox=&#8220;on&#8220; align=&#8220;center&#8220; _builder_version=&#8220;4.27.6&#8243; _module_preset=&#8220;default&#8220; animation_style=&#8220;fade&#8220; hover_enabled=&#8220;0&#8243; global_colors_info=&#8220;{}&#8220; theme_builder_area=&#8220;et_body_layout&#8220; sticky_enabled=&#8220;0&#8243;][\/et_pb_image][\/et_pb_column][\/et_pb_row][\/et_pb_section]\n","protected":false},"excerpt":{"rendered":"<p>Insider-Tag: Karrierewege im Bereich &#8222;Schutz und Sicherheit&#8220;<br \/>\nWas f\u00fcr ein besonderer Tag!<br \/>\nEhemalige Sch\u00fclerinnen und Sch\u00fcler unseres Bildungsgangs \u201eFachkraft\/Servicekraft f\u00fcr Schutz und Sicherheit\u201c kommen zur\u00fcck an das CSBWV \u2013 nicht als Lernende, sondern als echte Insider ihrer Branche.<\/p>\n","protected":false},"author":1,"featured_media":5352,"comment_status":"closed","ping_status":"closed","sticky":false,"template":"","format":"standard","meta":{"_et_pb_use_builder":"on","_et_pb_old_content":"","_et_gb_content_width":"","footnotes":""},"categories":[40],"tags":[13,17,14,12,501,46,231,220,221,500,502,15],"class_list":["post-5353","post","type-post","status-publish","format-standard","has-post-thumbnail","hentry","category-veranstaltungen","tag-berufskolleg","tag-bielefeld","tag-carl-severing-berufskolleg","tag-csbwv","tag-insider","tag-owl","tag-polizei","tag-schutz","tag-sicherheit","tag-sicherheits","tag-sicherheitsdienst","tag-wirtschaft"],"_links":{"self":[{"href":"https:\/\/csbwv.de\/index.php\/wp-json\/wp\/v2\/posts\/5353","targetHints":{"allow":["GET"]}}],"collection":[{"href":"https:\/\/csbwv.de\/index.php\/wp-json\/wp\/v2\/posts"}],"about":[{"href":"https:\/\/csbwv.de\/index.php\/wp-json\/wp\/v2\/types\/post"}],"author":[{"embeddable":true,"href":"https:\/\/csbwv.de\/index.php\/wp-json\/wp\/v2\/users\/1"}],"replies":[{"embeddable":true,"href":"https:\/\/csbwv.de\/index.php\/wp-json\/wp\/v2\/comments?post=5353"}],"version-history":[{"count":5,"href":"https:\/\/csbwv.de\/index.php\/wp-json\/wp\/v2\/posts\/5353\/revisions"}],"predecessor-version":[{"id":5359,"href":"https:\/\/csbwv.de\/index.php\/wp-json\/wp\/v2\/posts\/5353\/revisions\/5359"}],"wp:featuredmedia":[{"embeddable":true,"href":"https:\/\/csbwv.de\/index.php\/wp-json\/wp\/v2\/media\/5352"}],"wp:attachment":[{"href":"https:\/\/csbwv.de\/index.php\/wp-json\/wp\/v2\/media?parent=5353"}],"wp:term":[{"taxonomy":"category","embeddable":true,"href":"https:\/\/csbwv.de\/index.php\/wp-json\/wp\/v2\/categories?post=5353"},{"taxonomy":"post_tag","embeddable":true,"href":"https:\/\/csbwv.de\/index.php\/wp-json\/wp\/v2\/tags?post=5353"}],"curies":[{"name":"wp","href":"https:\/\/api.w.org\/{rel}","templated":true}]}}