{"id":5384,"date":"2026-03-15T09:20:00","date_gmt":"2026-03-15T08:20:00","guid":{"rendered":"https:\/\/csbwv.de\/?p=5384"},"modified":"2026-03-05T21:22:20","modified_gmt":"2026-03-05T20:22:20","slug":"paedagogischer-tag-zur-demokratiebildung","status":"publish","type":"post","link":"https:\/\/csbwv.de\/index.php\/2026\/03\/15\/paedagogischer-tag-zur-demokratiebildung\/","title":{"rendered":"P\u00e4dagogischer Tag zur Demokratiebildung"},"content":{"rendered":"\n[et_pb_section fb_built=&#8220;1&#8243; _builder_version=&#8220;4.19.4&#8243; _module_preset=&#8220;default&#8220; custom_padding=&#8220;1px||2px|||&#8220; global_colors_info=&#8220;{}&#8220; theme_builder_area=&#8220;et_body_layout&#8220;][et_pb_row _builder_version=&#8220;4.27.4&#8243; _module_preset=&#8220;default&#8220; global_colors_info=&#8220;{}&#8220; theme_builder_area=&#8220;et_body_layout&#8220;][et_pb_column type=&#8220;4_4&#8243; _builder_version=&#8220;4.19.2&#8243; _module_preset=&#8220;default&#8220; global_colors_info=&#8220;{}&#8220; theme_builder_area=&#8220;et_body_layout&#8220;][et_pb_heading title=&#8220;P\u00e4dagogischer Tag zur Demokratiebildung&#8220; _builder_version=&#8220;4.27.6&#8243; _module_preset=&#8220;default&#8220; animation_style=&#8220;slide&#8220; animation_direction=&#8220;top&#8220; hover_enabled=&#8220;0&#8243; global_colors_info=&#8220;{}&#8220; theme_builder_area=&#8220;et_body_layout&#8220; sticky_enabled=&#8220;0&#8243;][\/et_pb_heading][et_pb_text _builder_version=&#8220;4.27.6&#8243; _module_preset=&#8220;default&#8220; custom_padding=&#8220;||7px|||&#8220; animation_style=&#8220;fade&#8220; hover_enabled=&#8220;0&#8243; global_colors_info=&#8220;{}&#8220; theme_builder_area=&#8220;et_body_layout&#8220; sticky_enabled=&#8220;0&#8243;]Wir m\u00f6chten die Demokratiebildung an unserem Berufskolleg vorantreiben! Dazu haben sich die Lehrkr\u00e4fte am CSBWV entschieden und einen p\u00e4dagogischen Tag f\u00fcr das Kollegium organisiert. [\/et_pb_text][et_pb_image src=&#8220;https:\/\/csbwv.de\/wp-content\/uploads\/2026\/03\/CSBWV-2026-paedagogischer-Tag-Demokratie-1920-1.jpg&#8220; alt=&#8220;CSBWV &#8211; P\u00e4dagogischer Tag Demokratiebildung&#8220; title_text=&#8220;CSBWV-2026-paedagogischer-Tag-Demokratie-1920-1&#8243; show_in_lightbox=&#8220;on&#8220; align=&#8220;center&#8220; _builder_version=&#8220;4.27.6&#8243; _module_preset=&#8220;default&#8220; animation_style=&#8220;fade&#8220; hover_enabled=&#8220;0&#8243; global_colors_info=&#8220;{}&#8220; theme_builder_area=&#8220;et_body_layout&#8220; sticky_enabled=&#8220;0&#8243;][\/et_pb_image][et_pb_text _builder_version=&#8220;4.27.6&#8243; _module_preset=&#8220;default&#8220; custom_padding=&#8220;||7px|||&#8220; animation_style=&#8220;fade&#8220; hover_enabled=&#8220;0&#8243; global_colors_info=&#8220;{}&#8220; theme_builder_area=&#8220;et_body_layout&#8220; sticky_enabled=&#8220;0&#8243;]Der informative Eingangsvortrag \u201ePolitische Bildung als Kampffeld?!\u201c von Dr. Tim Zosel und Cathrin Opheys von der Universit\u00e4t Duisburg-Essen zeigte u.a. eindr\u00fccklich, wie die soziale Herkunft der Jugendlichen und politische Partizipation zusammenh\u00e4ngen. \u00a0[\/et_pb_text][et_pb_image src=&#8220;https:\/\/csbwv.de\/wp-content\/uploads\/2026\/03\/CSBWV-2026-paedagogischer-Tag-Demokratie-1920-2.jpg&#8220; alt=&#8220;CSBWV &#8211; P\u00e4dagogischer Tag Demokratiebildung&#8220; title_text=&#8220;CSBWV-2026-paedagogischer-Tag-Demokratie-1920-2&#8243; show_in_lightbox=&#8220;on&#8220; align=&#8220;center&#8220; _builder_version=&#8220;4.27.6&#8243; _module_preset=&#8220;default&#8220; animation_style=&#8220;fade&#8220; hover_enabled=&#8220;0&#8243; global_colors_info=&#8220;{}&#8220; theme_builder_area=&#8220;et_body_layout&#8220; sticky_enabled=&#8220;0&#8243;][\/et_pb_image][et_pb_text _builder_version=&#8220;4.27.6&#8243; _module_preset=&#8220;default&#8220; custom_padding=&#8220;||7px|||&#8220; animation_style=&#8220;fade&#8220; hover_enabled=&#8220;0&#8243; global_colors_info=&#8220;{}&#8220; theme_builder_area=&#8220;et_body_layout&#8220; sticky_enabled=&#8220;0&#8243;]In den\u00a0anschlie\u00dfenden Workshops zu den Themen \u201eDesinformation und Fake News\u201c, \u201eMythos Neutralit\u00e4tspflicht\u201c, \u201eDiskriminierungssensibilit\u00e4t\u201c, \u201ePr\u00e4vention von Radikalisierung und Extremismus\u201c sowie \u201eSocial\u00a0Media in der Alltagswelt von jungen Menschen\u201c arbeitete das Kollegium zu verschiedenen Themen der Demokratiebildung. [\/et_pb_text][et_pb_image src=&#8220;https:\/\/csbwv.de\/wp-content\/uploads\/2026\/03\/CSBWV-2026-paedagogischer-Tag-Demokratie-1920-3.jpg&#8220; alt=&#8220;CSBWV &#8211; P\u00e4dagogischer Tag Demokratiebildung&#8220; title_text=&#8220;CSBWV-2026-paedagogischer-Tag-Demokratie-1920-3&#8243; show_in_lightbox=&#8220;on&#8220; align=&#8220;center&#8220; _builder_version=&#8220;4.27.6&#8243; _module_preset=&#8220;default&#8220; animation_style=&#8220;fade&#8220; hover_enabled=&#8220;0&#8243; global_colors_info=&#8220;{}&#8220; theme_builder_area=&#8220;et_body_layout&#8220; sticky_enabled=&#8220;0&#8243;][\/et_pb_image][et_pb_text _builder_version=&#8220;4.27.6&#8243; _module_preset=&#8220;default&#8220; custom_padding=&#8220;||7px|||&#8220; animation_style=&#8220;fade&#8220; hover_enabled=&#8220;0&#8243; global_colors_info=&#8220;{}&#8220; theme_builder_area=&#8220;et_body_layout&#8220; sticky_enabled=&#8220;0&#8243;]Viele Ideen, Tipps und Angebote f\u00fcr die Weiterarbeit in den Bildungsg\u00e4ngen wurden hier mitgenommen.\u00a0[\/et_pb_text][et_pb_image src=&#8220;https:\/\/csbwv.de\/wp-content\/uploads\/2026\/03\/CSBWV-2026-paedagogischer-Tag-Demokratie-1920-7.jpg&#8220; alt=&#8220;CSBWV &#8211; P\u00e4dagogischer Tag Demokratiebildung&#8220; title_text=&#8220;CSBWV-2026-paedagogischer-Tag-Demokratie-1920-7&#8243; show_in_lightbox=&#8220;on&#8220; align=&#8220;center&#8220; _builder_version=&#8220;4.27.6&#8243; _module_preset=&#8220;default&#8220; animation_style=&#8220;fade&#8220; hover_enabled=&#8220;0&#8243; global_colors_info=&#8220;{}&#8220; theme_builder_area=&#8220;et_body_layout&#8220; sticky_enabled=&#8220;0&#8243;][\/et_pb_image][et_pb_text _builder_version=&#8220;4.27.6&#8243; _module_preset=&#8220;default&#8220; custom_padding=&#8220;||7px|||&#8220; animation_style=&#8220;fade&#8220; hover_enabled=&#8220;0&#8243; global_colors_info=&#8220;{}&#8220; theme_builder_area=&#8220;et_body_layout&#8220; sticky_enabled=&#8220;0&#8243;]Gemeinsam mit den Referentinnen und Referenten von der Medienberatung NRW, von Teachers\u00a0for\u00a0Future, vom KI, von\u00a0SystEx\u00a0sowie von der Universit\u00e4t Duisburg-Essen waren sich am Ende des Tages alle einig: Ein erfolgreicher Tag f\u00fcr die Schule!\u00a0[\/et_pb_text][et_pb_image src=&#8220;https:\/\/csbwv.de\/wp-content\/uploads\/2026\/03\/CSBWV-2026-paedagogischer-Tag-Demokratie-1920-6.jpg&#8220; alt=&#8220;CSBWV &#8211; P\u00e4dagogischer Tag Demokratiebildung&#8220; title_text=&#8220;CSBWV-2026-paedagogischer-Tag-Demokratie-1920-6&#8243; show_in_lightbox=&#8220;on&#8220; align=&#8220;center&#8220; _builder_version=&#8220;4.27.6&#8243; _module_preset=&#8220;default&#8220; animation_style=&#8220;fade&#8220; hover_enabled=&#8220;0&#8243; global_colors_info=&#8220;{}&#8220; theme_builder_area=&#8220;et_body_layout&#8220; sticky_enabled=&#8220;0&#8243;][\/et_pb_image][et_pb_image src=&#8220;https:\/\/csbwv.de\/wp-content\/uploads\/2026\/03\/CSBWV-2026-paedagogischer-Tag-Demokratie-1920-4.jpg&#8220; alt=&#8220;CSBWV &#8211; P\u00e4dagogischer Tag Demokratiebildung&#8220; title_text=&#8220;CSBWV-2026-paedagogischer-Tag-Demokratie-1920-4&#8243; show_in_lightbox=&#8220;on&#8220; align=&#8220;center&#8220; _builder_version=&#8220;4.27.6&#8243; _module_preset=&#8220;default&#8220; animation_style=&#8220;fade&#8220; hover_enabled=&#8220;0&#8243; global_colors_info=&#8220;{}&#8220; theme_builder_area=&#8220;et_body_layout&#8220; sticky_enabled=&#8220;0&#8243;][\/et_pb_image][et_pb_image src=&#8220;https:\/\/csbwv.de\/wp-content\/uploads\/2026\/03\/CSBWV-2026-paedagogischer-Tag-Demokratie-1920-5.jpg&#8220; alt=&#8220;CSBWV &#8211; P\u00e4dagogischer Tag Demokratiebildung&#8220; title_text=&#8220;CSBWV-2026-paedagogischer-Tag-Demokratie-1920-5&#8243; show_in_lightbox=&#8220;on&#8220; align=&#8220;center&#8220; _builder_version=&#8220;4.27.6&#8243; _module_preset=&#8220;default&#8220; animation_style=&#8220;fade&#8220; hover_enabled=&#8220;0&#8243; global_colors_info=&#8220;{}&#8220; theme_builder_area=&#8220;et_body_layout&#8220; sticky_enabled=&#8220;0&#8243;][\/et_pb_image][\/et_pb_column][\/et_pb_row][\/et_pb_section]\n","protected":false},"excerpt":{"rendered":"<p>Wir m\u00f6chten die Demokratiebildung an unserem Berufskolleg vorantreiben! Dazu haben sich die Lehrkr\u00e4fte am CSBWV entschieden und einen p\u00e4dagogischen Tag f\u00fcr das Kollegium organisiert. Der informative Eingangsvortrag \u201ePolitische Bildung als [&hellip;]<\/p>\n","protected":false},"author":1,"featured_media":5381,"comment_status":"closed","ping_status":"closed","sticky":false,"template":"","format":"standard","meta":{"_et_pb_use_builder":"on","_et_pb_old_content":"","_et_gb_content_width":"","footnotes":""},"categories":[20],"tags":[13,17,14,12,85,509,507,354,115,46,508,102,510,15],"class_list":["post-5384","post","type-post","status-publish","format-standard","has-post-thumbnail","hentry","category-fortbildungen","tag-berufskolleg","tag-bielefeld","tag-carl-severing-berufskolleg","tag-csbwv","tag-demokratie","tag-desinformation","tag-fake","tag-jugend","tag-medien","tag-owl","tag-radikalisierung","tag-schule","tag-social-media","tag-wirtschaft"],"_links":{"self":[{"href":"https:\/\/csbwv.de\/index.php\/wp-json\/wp\/v2\/posts\/5384","targetHints":{"allow":["GET"]}}],"collection":[{"href":"https:\/\/csbwv.de\/index.php\/wp-json\/wp\/v2\/posts"}],"about":[{"href":"https:\/\/csbwv.de\/index.php\/wp-json\/wp\/v2\/types\/post"}],"author":[{"embeddable":true,"href":"https:\/\/csbwv.de\/index.php\/wp-json\/wp\/v2\/users\/1"}],"replies":[{"embeddable":true,"href":"https:\/\/csbwv.de\/index.php\/wp-json\/wp\/v2\/comments?post=5384"}],"version-history":[{"count":5,"href":"https:\/\/csbwv.de\/index.php\/wp-json\/wp\/v2\/posts\/5384\/revisions"}],"predecessor-version":[{"id":5390,"href":"https:\/\/csbwv.de\/index.php\/wp-json\/wp\/v2\/posts\/5384\/revisions\/5390"}],"wp:featuredmedia":[{"embeddable":true,"href":"https:\/\/csbwv.de\/index.php\/wp-json\/wp\/v2\/media\/5381"}],"wp:attachment":[{"href":"https:\/\/csbwv.de\/index.php\/wp-json\/wp\/v2\/media?parent=5384"}],"wp:term":[{"taxonomy":"category","embeddable":true,"href":"https:\/\/csbwv.de\/index.php\/wp-json\/wp\/v2\/categories?post=5384"},{"taxonomy":"post_tag","embeddable":true,"href":"https:\/\/csbwv.de\/index.php\/wp-json\/wp\/v2\/tags?post=5384"}],"curies":[{"name":"wp","href":"https:\/\/api.w.org\/{rel}","templated":true}]}}